{"id":5663,"date":"2020-01-03T10:17:43","date_gmt":"2020-01-03T10:17:43","guid":{"rendered":"http:\/\/atelierceline.fr\/galerie\/?p=5663"},"modified":"2020-01-03T10:17:43","modified_gmt":"2020-01-03T10:17:43","slug":"helena-remy","status":"publish","type":"post","link":"https:\/\/atelierceline.fr\/galerie\/?p=5663","title":{"rendered":"H\u00e9l\u00e8na &#038; R\u00e9my"},"content":{"rendered":"","protected":true},"excerpt":{"rendered":"","protected":true},"author":3,"featured_media":5664,"comment_status":"closed","ping_status":"closed","sticky":false,"template":"","format":"standard","meta":{"footnotes":""},"categories":[5],"tags":[],"class_list":["post-5663","post","type-post","status-publish","format-standard","post-password-required","hentry","category-galerie-privee"],"_links":{"self":[{"href":"https:\/\/atelierceline.fr\/galerie\/index.php?rest_route=\/wp\/v2\/posts\/5663"}],"collection":[{"href":"https:\/\/atelierceline.fr\/galerie\/index.php?rest_route=\/wp\/v2\/posts"}],"about":[{"href":"https:\/\/atelierceline.fr\/galerie\/index.php?rest_route=\/wp\/v2\/types\/post"}],"author":[{"embeddable":true,"href":"https:\/\/atelierceline.fr\/galerie\/index.php?rest_route=\/wp\/v2\/users\/3"}],"replies":[{"embeddable":true,"href":"https:\/\/atelierceline.fr\/galerie\/index.php?rest_route=%2Fwp%2Fv2%2Fcomments&post=5663"}],"version-history":[{"count":1,"href":"https:\/\/atelierceline.fr\/galerie\/index.php?rest_route=\/wp\/v2\/posts\/5663\/revisions"}],"predecessor-version":[{"id":5665,"href":"https:\/\/atelierceline.fr\/galerie\/index.php?rest_route=\/wp\/v2\/posts\/5663\/revisions\/5665"}],"wp:featuredmedia":[{"embeddable":true,"href":"https:\/\/atelierceline.fr\/galerie\/index.php?rest_route=\/wp\/v2\/media\/5664"}],"wp:attachment":[{"href":"https:\/\/atelierceline.fr\/galerie\/index.php?rest_route=%2Fwp%2Fv2%2Fmedia&parent=5663"}],"wp:term":[{"taxonomy":"category","embeddable":true,"href":"https:\/\/atelierceline.fr\/galerie\/index.php?rest_route=%2Fwp%2Fv2%2Fcategories&post=5663"},{"taxonomy":"post_tag","embeddable":true,"href":"https:\/\/atelierceline.fr\/galerie\/index.php?rest_route=%2Fwp%2Fv2%2Ftags&post=5663"}],"curies":[{"name":"wp","href":"https:\/\/api.w.org\/{rel}","templated":true}]}}