{"id":3470,"date":"2017-06-07T06:01:40","date_gmt":"2017-06-07T06:01:40","guid":{"rendered":"http:\/\/atelierceline.fr\/galerie\/?p=3470"},"modified":"2017-06-07T06:01:40","modified_gmt":"2017-06-07T06:01:40","slug":"nadege-jerome","status":"publish","type":"post","link":"https:\/\/atelierceline.fr\/galerie\/?p=3470","title":{"rendered":"Nad\u00e8ge &#038; J\u00e9r\u00f4me"},"content":{"rendered":"","protected":true},"excerpt":{"rendered":"","protected":true},"author":3,"featured_media":3471,"comment_status":"closed","ping_status":"closed","sticky":false,"template":"","format":"standard","meta":{"footnotes":""},"categories":[5],"tags":[],"class_list":["post-3470","post","type-post","status-publish","format-standard","post-password-required","hentry","category-galerie-privee"],"_links":{"self":[{"href":"https:\/\/atelierceline.fr\/galerie\/index.php?rest_route=\/wp\/v2\/posts\/3470"}],"collection":[{"href":"https:\/\/atelierceline.fr\/galerie\/index.php?rest_route=\/wp\/v2\/posts"}],"about":[{"href":"https:\/\/atelierceline.fr\/galerie\/index.php?rest_route=\/wp\/v2\/types\/post"}],"author":[{"embeddable":true,"href":"https:\/\/atelierceline.fr\/galerie\/index.php?rest_route=\/wp\/v2\/users\/3"}],"replies":[{"embeddable":true,"href":"https:\/\/atelierceline.fr\/galerie\/index.php?rest_route=%2Fwp%2Fv2%2Fcomments&post=3470"}],"version-history":[{"count":1,"href":"https:\/\/atelierceline.fr\/galerie\/index.php?rest_route=\/wp\/v2\/posts\/3470\/revisions"}],"predecessor-version":[{"id":3472,"href":"https:\/\/atelierceline.fr\/galerie\/index.php?rest_route=\/wp\/v2\/posts\/3470\/revisions\/3472"}],"wp:featuredmedia":[{"embeddable":true,"href":"https:\/\/atelierceline.fr\/galerie\/index.php?rest_route=\/wp\/v2\/media\/3471"}],"wp:attachment":[{"href":"https:\/\/atelierceline.fr\/galerie\/index.php?rest_route=%2Fwp%2Fv2%2Fmedia&parent=3470"}],"wp:term":[{"taxonomy":"category","embeddable":true,"href":"https:\/\/atelierceline.fr\/galerie\/index.php?rest_route=%2Fwp%2Fv2%2Fcategories&post=3470"},{"taxonomy":"post_tag","embeddable":true,"href":"https:\/\/atelierceline.fr\/galerie\/index.php?rest_route=%2Fwp%2Fv2%2Ftags&post=3470"}],"curies":[{"name":"wp","href":"https:\/\/api.w.org\/{rel}","templated":true}]}}