{"id":1388,"date":"2014-06-13T14:00:44","date_gmt":"2014-06-13T14:00:44","guid":{"rendered":"http:\/\/atelierceline.fr\/galerie\/?p=1388"},"modified":"2014-06-13T14:00:58","modified_gmt":"2014-06-13T14:00:58","slug":"nadege-et-frederic","status":"publish","type":"post","link":"https:\/\/atelierceline.fr\/galerie\/?p=1388","title":{"rendered":"Nad\u00e8ge et Fr\u00e9d\u00e9ric"},"content":{"rendered":"","protected":true},"excerpt":{"rendered":"","protected":true},"author":3,"featured_media":1389,"comment_status":"closed","ping_status":"open","sticky":false,"template":"","format":"standard","meta":{"footnotes":""},"categories":[5],"tags":[],"class_list":["post-1388","post","type-post","status-publish","format-standard","post-password-required","hentry","category-galerie-privee"],"_links":{"self":[{"href":"https:\/\/atelierceline.fr\/galerie\/index.php?rest_route=\/wp\/v2\/posts\/1388"}],"collection":[{"href":"https:\/\/atelierceline.fr\/galerie\/index.php?rest_route=\/wp\/v2\/posts"}],"about":[{"href":"https:\/\/atelierceline.fr\/galerie\/index.php?rest_route=\/wp\/v2\/types\/post"}],"author":[{"embeddable":true,"href":"https:\/\/atelierceline.fr\/galerie\/index.php?rest_route=\/wp\/v2\/users\/3"}],"replies":[{"embeddable":true,"href":"https:\/\/atelierceline.fr\/galerie\/index.php?rest_route=%2Fwp%2Fv2%2Fcomments&post=1388"}],"version-history":[{"count":2,"href":"https:\/\/atelierceline.fr\/galerie\/index.php?rest_route=\/wp\/v2\/posts\/1388\/revisions"}],"predecessor-version":[{"id":1391,"href":"https:\/\/atelierceline.fr\/galerie\/index.php?rest_route=\/wp\/v2\/posts\/1388\/revisions\/1391"}],"wp:featuredmedia":[{"embeddable":true,"href":"https:\/\/atelierceline.fr\/galerie\/index.php?rest_route=\/wp\/v2\/media\/1389"}],"wp:attachment":[{"href":"https:\/\/atelierceline.fr\/galerie\/index.php?rest_route=%2Fwp%2Fv2%2Fmedia&parent=1388"}],"wp:term":[{"taxonomy":"category","embeddable":true,"href":"https:\/\/atelierceline.fr\/galerie\/index.php?rest_route=%2Fwp%2Fv2%2Fcategories&post=1388"},{"taxonomy":"post_tag","embeddable":true,"href":"https:\/\/atelierceline.fr\/galerie\/index.php?rest_route=%2Fwp%2Fv2%2Ftags&post=1388"}],"curies":[{"name":"wp","href":"https:\/\/api.w.org\/{rel}","templated":true}]}}